{"id":6058,"date":"2025-07-01T14:04:24","date_gmt":"2025-07-01T12:04:24","guid":{"rendered":"https:\/\/uman.eu\/politiebureau-van-flemalle-vergunning-toegekend\/"},"modified":"2025-10-28T16:58:11","modified_gmt":"2025-10-28T15:58:11","slug":"politiebureau-van-flemalle-vergunning-toegekend","status":"publish","type":"post","link":"https:\/\/uman.eu\/nl\/politiebureau-van-flemalle-vergunning-toegekend\/","title":{"rendered":"Politiebureau van Fl\u00e9malle: vergunning toegekend!"},"content":{"rendered":"\n<p>Vergunning toegekend voor het nieuwe Politiebureau van de Gemeente Fl\u00e9malle, een ambitieus project ontworpen in samenwerking met Architectenbureau Greisch!<\/p>\n\n<p>Gelegen op de site van Ivoz-Ramet, aan de ingang van de industriezone, zal deze realisatie de monocommunale zone van Fl\u00e9malle voorzien van een geheel nieuw kwaliteitscomplex voor de politiediensten, eveneens gewijd aan de dienstverlening aan de burgers.<\/p>\n\n<p>Nogmaals hartelijk dank aan Sophie Th\u00e9mont, burgemeester van Fl\u00e9malle en aan Nicolas Soulet, Korpscommandant van de Lokale Politie van Fl\u00e9malle, voor hun steun. Dank ook aan de heer Angelo Puglisi en de gemeentelijke diensten voor hun betrokkenheid bij de uitwerking van dit project. <\/p>\n\n<p>Een project om te ontdekken <a href=\"https:\/\/uman.eu\/nl\/realisations\/politiebureau-van-flemalle\/\" target=\"_blank\" rel=\"noreferrer noopener\">op onze website<\/a>.<\/p>\n","protected":false},"excerpt":{"rendered":"<p>Vergunning toegekend voor het nieuwe Politiebureau van de Gemeente Fl\u00e9malle, een ambitieus project ontworpen in samenwerking met Architectenbureau Greisch! Gelegen op de site van Ivoz-Ramet, aan de ingang van de industriezone, zal deze realisatie de monocommunale zone van Fl\u00e9malle voorzien van een geheel nieuw kwaliteitscomplex voor de politiediensten, eveneens gewijd aan de dienstverlening aan de [&hellip;]<\/p>\n","protected":false},"author":3,"featured_media":6059,"comment_status":"closed","ping_status":"closed","sticky":false,"template":"","format":"standard","meta":{"_acf_changed":false,"_et_pb_use_builder":"off","_et_pb_old_content":"","_et_gb_content_width":"","footnotes":""},"categories":[124],"tags":[],"class_list":["post-6058","post","type-post","status-publish","format-standard","has-post-thumbnail","hentry","category-project"],"acf":[],"yoast_head":"<!-- This site is optimized with the Yoast SEO plugin v24.4 - https:\/\/yoast.com\/wordpress\/plugins\/seo\/ -->\n<title>Politiebureau van Fl\u00e9malle: vergunning toegekend! - UMAN Architect s.a.<\/title>\n<meta name=\"description\" content=\"Vergunning toegekend voor het nieuwe Politiebureau van de Gemeente Fl\u00e9malle, een ambitieus project ontworpen in samenwerking met Architectenbureau\" \/>\n<meta name=\"robots\" content=\"index, follow, max-snippet:-1, max-image-preview:large, max-video-preview:-1\" \/>\n<link rel=\"canonical\" href=\"https:\/\/uman.eu\/nl\/politiebureau-van-flemalle-vergunning-toegekend\/\" \/>\n<meta property=\"og:locale\" content=\"nl_NL\" \/>\n<meta property=\"og:type\" content=\"article\" \/>\n<meta property=\"og:title\" content=\"Politiebureau van Fl\u00e9malle: vergunning toegekend! - UMAN Architect s.a.\" \/>\n<meta property=\"og:description\" content=\"Vergunning toegekend voor het nieuwe Politiebureau van de Gemeente Fl\u00e9malle, een ambitieus project ontworpen in samenwerking met Architectenbureau\" \/>\n<meta property=\"og:site_name\" content=\"UMAN Architect s.a.\" \/>\n<meta property=\"article:publisher\" content=\"https:\/\/www.facebook.com\/umanarchitectes\/\" \/>\n<meta property=\"article:published_time\" content=\"2025-07-01T12:04:24+00:00\" \/>\n<meta property=\"article:modified_time\" content=\"2025-10-28T15:58:11+00:00\" \/>\n<meta property=\"og:image\" content=\"https:\/\/uman.eu\/wp-content\/uploads\/2025\/07\/Police-Flemalle-Actu.jpg\" \/>\n\t<meta property=\"og:image:width\" content=\"1920\" \/>\n\t<meta property=\"og:image:height\" content=\"1280\" \/>\n\t<meta property=\"og:image:type\" content=\"image\/jpeg\" \/>\n<meta name=\"author\" content=\"uman\" \/>\n<meta name=\"twitter:card\" content=\"summary_large_image\" \/>\n<meta name=\"twitter:label1\" content=\"Geschreven door\" \/>\n\t<meta name=\"twitter:data1\" content=\"uman\" \/>\n\t<meta name=\"twitter:label2\" content=\"Geschatte leestijd\" \/>\n\t<meta name=\"twitter:data2\" content=\"1 minuut\" \/>\n<script type=\"application\/ld+json\" class=\"yoast-schema-graph\">{\"@context\":\"https:\/\/schema.org\",\"@graph\":[{\"@type\":\"Article\",\"@id\":\"https:\/\/uman.eu\/nl\/politiebureau-van-flemalle-vergunning-toegekend\/#article\",\"isPartOf\":{\"@id\":\"https:\/\/uman.eu\/nl\/politiebureau-van-flemalle-vergunning-toegekend\/\"},\"author\":{\"name\":\"uman\",\"@id\":\"https:\/\/uman.djm.eu\/#\/schema\/person\/7cc0979c40b5445afbb529d917d55ce9\"},\"headline\":\"Politiebureau van Fl\u00e9malle: vergunning toegekend!\",\"datePublished\":\"2025-07-01T12:04:24+00:00\",\"dateModified\":\"2025-10-28T15:58:11+00:00\",\"mainEntityOfPage\":{\"@id\":\"https:\/\/uman.eu\/nl\/politiebureau-van-flemalle-vergunning-toegekend\/\"},\"wordCount\":118,\"publisher\":{\"@id\":\"https:\/\/uman.djm.eu\/#organization\"},\"image\":{\"@id\":\"https:\/\/uman.eu\/nl\/politiebureau-van-flemalle-vergunning-toegekend\/#primaryimage\"},\"thumbnailUrl\":\"https:\/\/uman.eu\/wp-content\/uploads\/2025\/07\/Police-Flemalle-Actu.jpg\",\"articleSection\":[\"Project\"],\"inLanguage\":\"nl-NL\"},{\"@type\":\"WebPage\",\"@id\":\"https:\/\/uman.eu\/nl\/politiebureau-van-flemalle-vergunning-toegekend\/\",\"url\":\"https:\/\/uman.eu\/nl\/politiebureau-van-flemalle-vergunning-toegekend\/\",\"name\":\"Politiebureau van Fl\u00e9malle: vergunning toegekend! - UMAN Architect s.a.\",\"isPartOf\":{\"@id\":\"https:\/\/uman.djm.eu\/#website\"},\"primaryImageOfPage\":{\"@id\":\"https:\/\/uman.eu\/nl\/politiebureau-van-flemalle-vergunning-toegekend\/#primaryimage\"},\"image\":{\"@id\":\"https:\/\/uman.eu\/nl\/politiebureau-van-flemalle-vergunning-toegekend\/#primaryimage\"},\"thumbnailUrl\":\"https:\/\/uman.eu\/wp-content\/uploads\/2025\/07\/Police-Flemalle-Actu.jpg\",\"datePublished\":\"2025-07-01T12:04:24+00:00\",\"dateModified\":\"2025-10-28T15:58:11+00:00\",\"description\":\"Vergunning toegekend voor het nieuwe Politiebureau van de Gemeente Fl\u00e9malle, een ambitieus project ontworpen in samenwerking met Architectenbureau\",\"breadcrumb\":{\"@id\":\"https:\/\/uman.eu\/nl\/politiebureau-van-flemalle-vergunning-toegekend\/#breadcrumb\"},\"inLanguage\":\"nl-NL\",\"potentialAction\":[{\"@type\":\"ReadAction\",\"target\":[\"https:\/\/uman.eu\/nl\/politiebureau-van-flemalle-vergunning-toegekend\/\"]}]},{\"@type\":\"ImageObject\",\"inLanguage\":\"nl-NL\",\"@id\":\"https:\/\/uman.eu\/nl\/politiebureau-van-flemalle-vergunning-toegekend\/#primaryimage\",\"url\":\"https:\/\/uman.eu\/wp-content\/uploads\/2025\/07\/Police-Flemalle-Actu.jpg\",\"contentUrl\":\"https:\/\/uman.eu\/wp-content\/uploads\/2025\/07\/Police-Flemalle-Actu.jpg\",\"width\":1920,\"height\":1280},{\"@type\":\"BreadcrumbList\",\"@id\":\"https:\/\/uman.eu\/nl\/politiebureau-van-flemalle-vergunning-toegekend\/#breadcrumb\",\"itemListElement\":[{\"@type\":\"ListItem\",\"position\":1,\"name\":\"Accueil\",\"item\":\"https:\/\/uman.eu\/nl\/home\/\"},{\"@type\":\"ListItem\",\"position\":2,\"name\":\"Politiebureau van Fl\u00e9malle: vergunning toegekend!\"}]},{\"@type\":\"WebSite\",\"@id\":\"https:\/\/uman.djm.eu\/#website\",\"url\":\"https:\/\/uman.djm.eu\/\",\"name\":\"UMAN Architect s.a.\",\"description\":\"Au-del\u00e0 de l&#039;architecture\",\"publisher\":{\"@id\":\"https:\/\/uman.djm.eu\/#organization\"},\"potentialAction\":[{\"@type\":\"SearchAction\",\"target\":{\"@type\":\"EntryPoint\",\"urlTemplate\":\"https:\/\/uman.djm.eu\/?s={search_term_string}\"},\"query-input\":{\"@type\":\"PropertyValueSpecification\",\"valueRequired\":true,\"valueName\":\"search_term_string\"}}],\"inLanguage\":\"nl-NL\"},{\"@type\":\"Organization\",\"@id\":\"https:\/\/uman.djm.eu\/#organization\",\"name\":\"UMAN architect\",\"url\":\"https:\/\/uman.djm.eu\/\",\"logo\":{\"@type\":\"ImageObject\",\"inLanguage\":\"nl-NL\",\"@id\":\"https:\/\/uman.djm.eu\/#\/schema\/logo\/image\/\",\"url\":\"https:\/\/uman.eu\/wp-content\/uploads\/2022\/06\/uman-logo-baseline-dark-jungle.png\",\"contentUrl\":\"https:\/\/uman.eu\/wp-content\/uploads\/2022\/06\/uman-logo-baseline-dark-jungle.png\",\"width\":1000,\"height\":358,\"caption\":\"UMAN architect\"},\"image\":{\"@id\":\"https:\/\/uman.djm.eu\/#\/schema\/logo\/image\/\"},\"sameAs\":[\"https:\/\/www.facebook.com\/umanarchitectes\/\",\"https:\/\/www.linkedin.com\/company\/u-man-architectes\",\"https:\/\/www.instagram.com\/umanarchitectes\/\"]},{\"@type\":\"Person\",\"@id\":\"https:\/\/uman.djm.eu\/#\/schema\/person\/7cc0979c40b5445afbb529d917d55ce9\",\"name\":\"uman\",\"image\":{\"@type\":\"ImageObject\",\"inLanguage\":\"nl-NL\",\"@id\":\"https:\/\/uman.djm.eu\/#\/schema\/person\/image\/\",\"url\":\"https:\/\/secure.gravatar.com\/avatar\/d0f16d15380c563e79715ce68deff3e01abcc3a4d5b7f6b72d43899d6ba5727e?s=96&d=mm&r=g\",\"contentUrl\":\"https:\/\/secure.gravatar.com\/avatar\/d0f16d15380c563e79715ce68deff3e01abcc3a4d5b7f6b72d43899d6ba5727e?s=96&d=mm&r=g\",\"caption\":\"uman\"},\"url\":\"https:\/\/uman.eu\/nl\/author\/uman\/\"}]}<\/script>\n<!-- \/ Yoast SEO plugin. -->","yoast_head_json":{"title":"Politiebureau van Fl\u00e9malle: vergunning toegekend! - UMAN Architect s.a.","description":"Vergunning toegekend voor het nieuwe Politiebureau van de Gemeente Fl\u00e9malle, een ambitieus project ontworpen in samenwerking met Architectenbureau","robots":{"index":"index","follow":"follow","max-snippet":"max-snippet:-1","max-image-preview":"max-image-preview:large","max-video-preview":"max-video-preview:-1"},"canonical":"https:\/\/uman.eu\/nl\/politiebureau-van-flemalle-vergunning-toegekend\/","og_locale":"nl_NL","og_type":"article","og_title":"Politiebureau van Fl\u00e9malle: vergunning toegekend! - UMAN Architect s.a.","og_description":"Vergunning toegekend voor het nieuwe Politiebureau van de Gemeente Fl\u00e9malle, een ambitieus project ontworpen in samenwerking met Architectenbureau","og_site_name":"UMAN Architect s.a.","article_publisher":"https:\/\/www.facebook.com\/umanarchitectes\/","article_published_time":"2025-07-01T12:04:24+00:00","article_modified_time":"2025-10-28T15:58:11+00:00","og_image":[{"width":1920,"height":1280,"url":"https:\/\/uman.eu\/wp-content\/uploads\/2025\/07\/Police-Flemalle-Actu.jpg","type":"image\/jpeg"}],"author":"uman","twitter_card":"summary_large_image","twitter_misc":{"Geschreven door":"uman","Geschatte leestijd":"1 minuut"},"schema":{"@context":"https:\/\/schema.org","@graph":[{"@type":"Article","@id":"https:\/\/uman.eu\/nl\/politiebureau-van-flemalle-vergunning-toegekend\/#article","isPartOf":{"@id":"https:\/\/uman.eu\/nl\/politiebureau-van-flemalle-vergunning-toegekend\/"},"author":{"name":"uman","@id":"https:\/\/uman.djm.eu\/#\/schema\/person\/7cc0979c40b5445afbb529d917d55ce9"},"headline":"Politiebureau van Fl\u00e9malle: vergunning toegekend!","datePublished":"2025-07-01T12:04:24+00:00","dateModified":"2025-10-28T15:58:11+00:00","mainEntityOfPage":{"@id":"https:\/\/uman.eu\/nl\/politiebureau-van-flemalle-vergunning-toegekend\/"},"wordCount":118,"publisher":{"@id":"https:\/\/uman.djm.eu\/#organization"},"image":{"@id":"https:\/\/uman.eu\/nl\/politiebureau-van-flemalle-vergunning-toegekend\/#primaryimage"},"thumbnailUrl":"https:\/\/uman.eu\/wp-content\/uploads\/2025\/07\/Police-Flemalle-Actu.jpg","articleSection":["Project"],"inLanguage":"nl-NL"},{"@type":"WebPage","@id":"https:\/\/uman.eu\/nl\/politiebureau-van-flemalle-vergunning-toegekend\/","url":"https:\/\/uman.eu\/nl\/politiebureau-van-flemalle-vergunning-toegekend\/","name":"Politiebureau van Fl\u00e9malle: vergunning toegekend! - UMAN Architect s.a.","isPartOf":{"@id":"https:\/\/uman.djm.eu\/#website"},"primaryImageOfPage":{"@id":"https:\/\/uman.eu\/nl\/politiebureau-van-flemalle-vergunning-toegekend\/#primaryimage"},"image":{"@id":"https:\/\/uman.eu\/nl\/politiebureau-van-flemalle-vergunning-toegekend\/#primaryimage"},"thumbnailUrl":"https:\/\/uman.eu\/wp-content\/uploads\/2025\/07\/Police-Flemalle-Actu.jpg","datePublished":"2025-07-01T12:04:24+00:00","dateModified":"2025-10-28T15:58:11+00:00","description":"Vergunning toegekend voor het nieuwe Politiebureau van de Gemeente Fl\u00e9malle, een ambitieus project ontworpen in samenwerking met Architectenbureau","breadcrumb":{"@id":"https:\/\/uman.eu\/nl\/politiebureau-van-flemalle-vergunning-toegekend\/#breadcrumb"},"inLanguage":"nl-NL","potentialAction":[{"@type":"ReadAction","target":["https:\/\/uman.eu\/nl\/politiebureau-van-flemalle-vergunning-toegekend\/"]}]},{"@type":"ImageObject","inLanguage":"nl-NL","@id":"https:\/\/uman.eu\/nl\/politiebureau-van-flemalle-vergunning-toegekend\/#primaryimage","url":"https:\/\/uman.eu\/wp-content\/uploads\/2025\/07\/Police-Flemalle-Actu.jpg","contentUrl":"https:\/\/uman.eu\/wp-content\/uploads\/2025\/07\/Police-Flemalle-Actu.jpg","width":1920,"height":1280},{"@type":"BreadcrumbList","@id":"https:\/\/uman.eu\/nl\/politiebureau-van-flemalle-vergunning-toegekend\/#breadcrumb","itemListElement":[{"@type":"ListItem","position":1,"name":"Accueil","item":"https:\/\/uman.eu\/nl\/home\/"},{"@type":"ListItem","position":2,"name":"Politiebureau van Fl\u00e9malle: vergunning toegekend!"}]},{"@type":"WebSite","@id":"https:\/\/uman.djm.eu\/#website","url":"https:\/\/uman.djm.eu\/","name":"UMAN Architect s.a.","description":"Au-del\u00e0 de l&#039;architecture","publisher":{"@id":"https:\/\/uman.djm.eu\/#organization"},"potentialAction":[{"@type":"SearchAction","target":{"@type":"EntryPoint","urlTemplate":"https:\/\/uman.djm.eu\/?s={search_term_string}"},"query-input":{"@type":"PropertyValueSpecification","valueRequired":true,"valueName":"search_term_string"}}],"inLanguage":"nl-NL"},{"@type":"Organization","@id":"https:\/\/uman.djm.eu\/#organization","name":"UMAN architect","url":"https:\/\/uman.djm.eu\/","logo":{"@type":"ImageObject","inLanguage":"nl-NL","@id":"https:\/\/uman.djm.eu\/#\/schema\/logo\/image\/","url":"https:\/\/uman.eu\/wp-content\/uploads\/2022\/06\/uman-logo-baseline-dark-jungle.png","contentUrl":"https:\/\/uman.eu\/wp-content\/uploads\/2022\/06\/uman-logo-baseline-dark-jungle.png","width":1000,"height":358,"caption":"UMAN architect"},"image":{"@id":"https:\/\/uman.djm.eu\/#\/schema\/logo\/image\/"},"sameAs":["https:\/\/www.facebook.com\/umanarchitectes\/","https:\/\/www.linkedin.com\/company\/u-man-architectes","https:\/\/www.instagram.com\/umanarchitectes\/"]},{"@type":"Person","@id":"https:\/\/uman.djm.eu\/#\/schema\/person\/7cc0979c40b5445afbb529d917d55ce9","name":"uman","image":{"@type":"ImageObject","inLanguage":"nl-NL","@id":"https:\/\/uman.djm.eu\/#\/schema\/person\/image\/","url":"https:\/\/secure.gravatar.com\/avatar\/d0f16d15380c563e79715ce68deff3e01abcc3a4d5b7f6b72d43899d6ba5727e?s=96&d=mm&r=g","contentUrl":"https:\/\/secure.gravatar.com\/avatar\/d0f16d15380c563e79715ce68deff3e01abcc3a4d5b7f6b72d43899d6ba5727e?s=96&d=mm&r=g","caption":"uman"},"url":"https:\/\/uman.eu\/nl\/author\/uman\/"}]}},"_links":{"self":[{"href":"https:\/\/uman.eu\/nl\/wp-json\/wp\/v2\/posts\/6058","targetHints":{"allow":["GET"]}}],"collection":[{"href":"https:\/\/uman.eu\/nl\/wp-json\/wp\/v2\/posts"}],"about":[{"href":"https:\/\/uman.eu\/nl\/wp-json\/wp\/v2\/types\/post"}],"author":[{"embeddable":true,"href":"https:\/\/uman.eu\/nl\/wp-json\/wp\/v2\/users\/3"}],"replies":[{"embeddable":true,"href":"https:\/\/uman.eu\/nl\/wp-json\/wp\/v2\/comments?post=6058"}],"version-history":[{"count":1,"href":"https:\/\/uman.eu\/nl\/wp-json\/wp\/v2\/posts\/6058\/revisions"}],"predecessor-version":[{"id":6060,"href":"https:\/\/uman.eu\/nl\/wp-json\/wp\/v2\/posts\/6058\/revisions\/6060"}],"wp:featuredmedia":[{"embeddable":true,"href":"https:\/\/uman.eu\/nl\/wp-json\/wp\/v2\/media\/6059"}],"wp:attachment":[{"href":"https:\/\/uman.eu\/nl\/wp-json\/wp\/v2\/media?parent=6058"}],"wp:term":[{"taxonomy":"category","embeddable":true,"href":"https:\/\/uman.eu\/nl\/wp-json\/wp\/v2\/categories?post=6058"},{"taxonomy":"post_tag","embeddable":true,"href":"https:\/\/uman.eu\/nl\/wp-json\/wp\/v2\/tags?post=6058"}],"curies":[{"name":"wp","href":"https:\/\/api.w.org\/{rel}","templated":true}]}}