{"id":6513,"date":"2025-01-15T14:38:47","date_gmt":"2025-01-15T13:38:47","guid":{"rendered":"https:\/\/uman.eu\/sudinfo-zo-zullen-de-kavels-aan-de-bastogneweg-in-marche-en-famenne-eruitzien\/"},"modified":"2025-11-21T16:43:23","modified_gmt":"2025-11-21T15:43:23","slug":"sudinfo-zo-zullen-de-kavels-aan-de-bastogneweg-in-marche-en-famenne-eruitzien","status":"publish","type":"post","link":"https:\/\/uman.eu\/nl\/sudinfo-zo-zullen-de-kavels-aan-de-bastogneweg-in-marche-en-famenne-eruitzien\/","title":{"rendered":"Sudinfo \u2013 Zo zullen de kavels aan de Bastogneweg in Marche-en-Famenne eruitzien"},"content":{"rendered":"\n<p>De stedelijke ontwikkeling van Marche-en-Famenne gaat verder !<\/p>\n\n<p>Niet ver van het centrum van Marche zal de Bastogneweg binnenkort 30 nieuwe woningen en twee kleine commerci\u00eble units verwelkomen.<\/p>\n\n<p>Dit project, bestaande uit vier gebouwen, zal verlaten industri\u00eble gebouwen vervangen en zich harmoniseren met de lokale typologie\u00ebn.<\/p>\n\n<p>De materialen die voor deze constructie worden gebruikt, zijn kalksteen als verwijzing naar het bestaande bouwpatroon, en lichtgrijze baksteen die een eigentijdse expressie mogelijk maakt, terwijl het aansluit bij de kleuren van de reeds aanwezige woningen.<\/p>\n\n<p>In tegenstelling hiermee zal de donkere metalen bekleding de open ruimtes en planverschillen accentueren en contrasteren met de bakstenen gevel. Het gebruik van een vergelijkbaar materiaal voor de hellende daken zal bovendien de homogeniteit van het project waarborgen. <\/p>\n\n<p><a href=\"https:\/\/www.sudinfo.be\/id938489\/article\/2025-01-14\/aligro-garage-fiat-voici-quoi-ressembleront-les-chancres-de-la-route-de-bastogne\" target=\"_blank\" rel=\"noreferrer noopener\">Ontdek meer details in het artikel van Sudinfo.<\/a><\/p>\n","protected":false},"excerpt":{"rendered":"<p>De stedelijke ontwikkeling van Marche-en-Famenne gaat verder ! Niet ver van het centrum van Marche zal de Bastogneweg binnenkort 30 nieuwe woningen en twee kleine commerci\u00eble units verwelkomen. Dit project, bestaande uit vier gebouwen, zal verlaten industri\u00eble gebouwen vervangen en zich harmoniseren met de lokale typologie\u00ebn. De materialen die voor deze constructie worden gebruikt, zijn [&hellip;]<\/p>\n","protected":false},"author":3,"featured_media":6514,"comment_status":"closed","ping_status":"closed","sticky":false,"template":"","format":"standard","meta":{"_acf_changed":false,"_et_pb_use_builder":"off","_et_pb_old_content":"","_et_gb_content_width":"","footnotes":""},"categories":[115],"tags":[],"class_list":["post-6513","post","type-post","status-publish","format-standard","has-post-thumbnail","hentry","category-publicatie"],"acf":[],"yoast_head":"<!-- This site is optimized with the Yoast SEO plugin v24.4 - https:\/\/yoast.com\/wordpress\/plugins\/seo\/ -->\n<title>Sudinfo \u2013 Zo zullen de kavels aan de Bastogneweg in Marche-en-Famenne eruitzien - UMAN Architect s.a.<\/title>\n<meta name=\"description\" content=\"De stedelijke ontwikkeling van Marche-en-Famenne gaat verder ! Niet ver van het centrum van Marche zal de Bastogneweg binnenkort 30 nieuwe woningen en\" \/>\n<meta name=\"robots\" content=\"index, follow, max-snippet:-1, max-image-preview:large, max-video-preview:-1\" \/>\n<link rel=\"canonical\" href=\"https:\/\/uman.eu\/nl\/sudinfo-zo-zullen-de-kavels-aan-de-bastogneweg-in-marche-en-famenne-eruitzien\/\" \/>\n<meta property=\"og:locale\" content=\"nl_NL\" \/>\n<meta property=\"og:type\" content=\"article\" \/>\n<meta property=\"og:title\" content=\"Sudinfo \u2013 Zo zullen de kavels aan de Bastogneweg in Marche-en-Famenne eruitzien - UMAN Architect s.a.\" \/>\n<meta property=\"og:description\" content=\"De stedelijke ontwikkeling van Marche-en-Famenne gaat verder ! Niet ver van het centrum van Marche zal de Bastogneweg binnenkort 30 nieuwe woningen en\" \/>\n<meta property=\"og:site_name\" content=\"UMAN Architect s.a.\" \/>\n<meta property=\"article:publisher\" content=\"https:\/\/www.facebook.com\/umanarchitectes\/\" \/>\n<meta property=\"article:published_time\" content=\"2025-01-15T13:38:47+00:00\" \/>\n<meta property=\"article:modified_time\" content=\"2025-11-21T15:43:23+00:00\" \/>\n<meta property=\"og:image\" content=\"https:\/\/uman.eu\/wp-content\/uploads\/2025\/02\/Route-de-Bastogne.jpg\" \/>\n\t<meta property=\"og:image:width\" content=\"1920\" \/>\n\t<meta property=\"og:image:height\" content=\"1280\" \/>\n\t<meta property=\"og:image:type\" content=\"image\/jpeg\" \/>\n<meta name=\"author\" content=\"uman\" \/>\n<meta name=\"twitter:card\" content=\"summary_large_image\" \/>\n<meta name=\"twitter:label1\" content=\"Geschreven door\" \/>\n\t<meta name=\"twitter:data1\" content=\"uman\" \/>\n\t<meta name=\"twitter:label2\" content=\"Geschatte leestijd\" \/>\n\t<meta name=\"twitter:data2\" content=\"1 minuut\" \/>\n<script type=\"application\/ld+json\" class=\"yoast-schema-graph\">{\"@context\":\"https:\/\/schema.org\",\"@graph\":[{\"@type\":\"Article\",\"@id\":\"https:\/\/uman.eu\/nl\/sudinfo-zo-zullen-de-kavels-aan-de-bastogneweg-in-marche-en-famenne-eruitzien\/#article\",\"isPartOf\":{\"@id\":\"https:\/\/uman.eu\/nl\/sudinfo-zo-zullen-de-kavels-aan-de-bastogneweg-in-marche-en-famenne-eruitzien\/\"},\"author\":{\"name\":\"uman\",\"@id\":\"https:\/\/uman.djm.eu\/#\/schema\/person\/7cc0979c40b5445afbb529d917d55ce9\"},\"headline\":\"Sudinfo \u2013 Zo zullen de kavels aan de Bastogneweg in Marche-en-Famenne eruitzien\",\"datePublished\":\"2025-01-15T13:38:47+00:00\",\"dateModified\":\"2025-11-21T15:43:23+00:00\",\"mainEntityOfPage\":{\"@id\":\"https:\/\/uman.eu\/nl\/sudinfo-zo-zullen-de-kavels-aan-de-bastogneweg-in-marche-en-famenne-eruitzien\/\"},\"wordCount\":140,\"publisher\":{\"@id\":\"https:\/\/uman.djm.eu\/#organization\"},\"image\":{\"@id\":\"https:\/\/uman.eu\/nl\/sudinfo-zo-zullen-de-kavels-aan-de-bastogneweg-in-marche-en-famenne-eruitzien\/#primaryimage\"},\"thumbnailUrl\":\"https:\/\/uman.eu\/wp-content\/uploads\/2025\/02\/Route-de-Bastogne.jpg\",\"articleSection\":[\"Publicatie\"],\"inLanguage\":\"nl-NL\"},{\"@type\":\"WebPage\",\"@id\":\"https:\/\/uman.eu\/nl\/sudinfo-zo-zullen-de-kavels-aan-de-bastogneweg-in-marche-en-famenne-eruitzien\/\",\"url\":\"https:\/\/uman.eu\/nl\/sudinfo-zo-zullen-de-kavels-aan-de-bastogneweg-in-marche-en-famenne-eruitzien\/\",\"name\":\"Sudinfo \u2013 Zo zullen de kavels aan de Bastogneweg in Marche-en-Famenne eruitzien - UMAN Architect s.a.\",\"isPartOf\":{\"@id\":\"https:\/\/uman.djm.eu\/#website\"},\"primaryImageOfPage\":{\"@id\":\"https:\/\/uman.eu\/nl\/sudinfo-zo-zullen-de-kavels-aan-de-bastogneweg-in-marche-en-famenne-eruitzien\/#primaryimage\"},\"image\":{\"@id\":\"https:\/\/uman.eu\/nl\/sudinfo-zo-zullen-de-kavels-aan-de-bastogneweg-in-marche-en-famenne-eruitzien\/#primaryimage\"},\"thumbnailUrl\":\"https:\/\/uman.eu\/wp-content\/uploads\/2025\/02\/Route-de-Bastogne.jpg\",\"datePublished\":\"2025-01-15T13:38:47+00:00\",\"dateModified\":\"2025-11-21T15:43:23+00:00\",\"description\":\"De stedelijke ontwikkeling van Marche-en-Famenne gaat verder ! Niet ver van het centrum van Marche zal de Bastogneweg binnenkort 30 nieuwe woningen en\",\"breadcrumb\":{\"@id\":\"https:\/\/uman.eu\/nl\/sudinfo-zo-zullen-de-kavels-aan-de-bastogneweg-in-marche-en-famenne-eruitzien\/#breadcrumb\"},\"inLanguage\":\"nl-NL\",\"potentialAction\":[{\"@type\":\"ReadAction\",\"target\":[\"https:\/\/uman.eu\/nl\/sudinfo-zo-zullen-de-kavels-aan-de-bastogneweg-in-marche-en-famenne-eruitzien\/\"]}]},{\"@type\":\"ImageObject\",\"inLanguage\":\"nl-NL\",\"@id\":\"https:\/\/uman.eu\/nl\/sudinfo-zo-zullen-de-kavels-aan-de-bastogneweg-in-marche-en-famenne-eruitzien\/#primaryimage\",\"url\":\"https:\/\/uman.eu\/wp-content\/uploads\/2025\/02\/Route-de-Bastogne.jpg\",\"contentUrl\":\"https:\/\/uman.eu\/wp-content\/uploads\/2025\/02\/Route-de-Bastogne.jpg\",\"width\":1920,\"height\":1280},{\"@type\":\"BreadcrumbList\",\"@id\":\"https:\/\/uman.eu\/nl\/sudinfo-zo-zullen-de-kavels-aan-de-bastogneweg-in-marche-en-famenne-eruitzien\/#breadcrumb\",\"itemListElement\":[{\"@type\":\"ListItem\",\"position\":1,\"name\":\"Accueil\",\"item\":\"https:\/\/uman.eu\/nl\/home\/\"},{\"@type\":\"ListItem\",\"position\":2,\"name\":\"Sudinfo \u2013 Zo zullen de kavels aan de Bastogneweg in Marche-en-Famenne eruitzien\"}]},{\"@type\":\"WebSite\",\"@id\":\"https:\/\/uman.djm.eu\/#website\",\"url\":\"https:\/\/uman.djm.eu\/\",\"name\":\"UMAN Architect s.a.\",\"description\":\"Au-del\u00e0 de l&#039;architecture\",\"publisher\":{\"@id\":\"https:\/\/uman.djm.eu\/#organization\"},\"potentialAction\":[{\"@type\":\"SearchAction\",\"target\":{\"@type\":\"EntryPoint\",\"urlTemplate\":\"https:\/\/uman.djm.eu\/?s={search_term_string}\"},\"query-input\":{\"@type\":\"PropertyValueSpecification\",\"valueRequired\":true,\"valueName\":\"search_term_string\"}}],\"inLanguage\":\"nl-NL\"},{\"@type\":\"Organization\",\"@id\":\"https:\/\/uman.djm.eu\/#organization\",\"name\":\"UMAN architect\",\"url\":\"https:\/\/uman.djm.eu\/\",\"logo\":{\"@type\":\"ImageObject\",\"inLanguage\":\"nl-NL\",\"@id\":\"https:\/\/uman.djm.eu\/#\/schema\/logo\/image\/\",\"url\":\"https:\/\/uman.eu\/wp-content\/uploads\/2022\/06\/uman-logo-baseline-dark-jungle.png\",\"contentUrl\":\"https:\/\/uman.eu\/wp-content\/uploads\/2022\/06\/uman-logo-baseline-dark-jungle.png\",\"width\":1000,\"height\":358,\"caption\":\"UMAN architect\"},\"image\":{\"@id\":\"https:\/\/uman.djm.eu\/#\/schema\/logo\/image\/\"},\"sameAs\":[\"https:\/\/www.facebook.com\/umanarchitectes\/\",\"https:\/\/www.linkedin.com\/company\/u-man-architectes\",\"https:\/\/www.instagram.com\/umanarchitectes\/\"]},{\"@type\":\"Person\",\"@id\":\"https:\/\/uman.djm.eu\/#\/schema\/person\/7cc0979c40b5445afbb529d917d55ce9\",\"name\":\"uman\",\"image\":{\"@type\":\"ImageObject\",\"inLanguage\":\"nl-NL\",\"@id\":\"https:\/\/uman.djm.eu\/#\/schema\/person\/image\/\",\"url\":\"https:\/\/secure.gravatar.com\/avatar\/d0f16d15380c563e79715ce68deff3e01abcc3a4d5b7f6b72d43899d6ba5727e?s=96&d=mm&r=g\",\"contentUrl\":\"https:\/\/secure.gravatar.com\/avatar\/d0f16d15380c563e79715ce68deff3e01abcc3a4d5b7f6b72d43899d6ba5727e?s=96&d=mm&r=g\",\"caption\":\"uman\"},\"url\":\"https:\/\/uman.eu\/nl\/author\/uman\/\"}]}<\/script>\n<!-- \/ Yoast SEO plugin. -->","yoast_head_json":{"title":"Sudinfo \u2013 Zo zullen de kavels aan de Bastogneweg in Marche-en-Famenne eruitzien - UMAN Architect s.a.","description":"De stedelijke ontwikkeling van Marche-en-Famenne gaat verder ! Niet ver van het centrum van Marche zal de Bastogneweg binnenkort 30 nieuwe woningen en","robots":{"index":"index","follow":"follow","max-snippet":"max-snippet:-1","max-image-preview":"max-image-preview:large","max-video-preview":"max-video-preview:-1"},"canonical":"https:\/\/uman.eu\/nl\/sudinfo-zo-zullen-de-kavels-aan-de-bastogneweg-in-marche-en-famenne-eruitzien\/","og_locale":"nl_NL","og_type":"article","og_title":"Sudinfo \u2013 Zo zullen de kavels aan de Bastogneweg in Marche-en-Famenne eruitzien - UMAN Architect s.a.","og_description":"De stedelijke ontwikkeling van Marche-en-Famenne gaat verder ! Niet ver van het centrum van Marche zal de Bastogneweg binnenkort 30 nieuwe woningen en","og_site_name":"UMAN Architect s.a.","article_publisher":"https:\/\/www.facebook.com\/umanarchitectes\/","article_published_time":"2025-01-15T13:38:47+00:00","article_modified_time":"2025-11-21T15:43:23+00:00","og_image":[{"width":1920,"height":1280,"url":"https:\/\/uman.eu\/wp-content\/uploads\/2025\/02\/Route-de-Bastogne.jpg","type":"image\/jpeg"}],"author":"uman","twitter_card":"summary_large_image","twitter_misc":{"Geschreven door":"uman","Geschatte leestijd":"1 minuut"},"schema":{"@context":"https:\/\/schema.org","@graph":[{"@type":"Article","@id":"https:\/\/uman.eu\/nl\/sudinfo-zo-zullen-de-kavels-aan-de-bastogneweg-in-marche-en-famenne-eruitzien\/#article","isPartOf":{"@id":"https:\/\/uman.eu\/nl\/sudinfo-zo-zullen-de-kavels-aan-de-bastogneweg-in-marche-en-famenne-eruitzien\/"},"author":{"name":"uman","@id":"https:\/\/uman.djm.eu\/#\/schema\/person\/7cc0979c40b5445afbb529d917d55ce9"},"headline":"Sudinfo \u2013 Zo zullen de kavels aan de Bastogneweg in Marche-en-Famenne eruitzien","datePublished":"2025-01-15T13:38:47+00:00","dateModified":"2025-11-21T15:43:23+00:00","mainEntityOfPage":{"@id":"https:\/\/uman.eu\/nl\/sudinfo-zo-zullen-de-kavels-aan-de-bastogneweg-in-marche-en-famenne-eruitzien\/"},"wordCount":140,"publisher":{"@id":"https:\/\/uman.djm.eu\/#organization"},"image":{"@id":"https:\/\/uman.eu\/nl\/sudinfo-zo-zullen-de-kavels-aan-de-bastogneweg-in-marche-en-famenne-eruitzien\/#primaryimage"},"thumbnailUrl":"https:\/\/uman.eu\/wp-content\/uploads\/2025\/02\/Route-de-Bastogne.jpg","articleSection":["Publicatie"],"inLanguage":"nl-NL"},{"@type":"WebPage","@id":"https:\/\/uman.eu\/nl\/sudinfo-zo-zullen-de-kavels-aan-de-bastogneweg-in-marche-en-famenne-eruitzien\/","url":"https:\/\/uman.eu\/nl\/sudinfo-zo-zullen-de-kavels-aan-de-bastogneweg-in-marche-en-famenne-eruitzien\/","name":"Sudinfo \u2013 Zo zullen de kavels aan de Bastogneweg in Marche-en-Famenne eruitzien - UMAN Architect s.a.","isPartOf":{"@id":"https:\/\/uman.djm.eu\/#website"},"primaryImageOfPage":{"@id":"https:\/\/uman.eu\/nl\/sudinfo-zo-zullen-de-kavels-aan-de-bastogneweg-in-marche-en-famenne-eruitzien\/#primaryimage"},"image":{"@id":"https:\/\/uman.eu\/nl\/sudinfo-zo-zullen-de-kavels-aan-de-bastogneweg-in-marche-en-famenne-eruitzien\/#primaryimage"},"thumbnailUrl":"https:\/\/uman.eu\/wp-content\/uploads\/2025\/02\/Route-de-Bastogne.jpg","datePublished":"2025-01-15T13:38:47+00:00","dateModified":"2025-11-21T15:43:23+00:00","description":"De stedelijke ontwikkeling van Marche-en-Famenne gaat verder ! Niet ver van het centrum van Marche zal de Bastogneweg binnenkort 30 nieuwe woningen en","breadcrumb":{"@id":"https:\/\/uman.eu\/nl\/sudinfo-zo-zullen-de-kavels-aan-de-bastogneweg-in-marche-en-famenne-eruitzien\/#breadcrumb"},"inLanguage":"nl-NL","potentialAction":[{"@type":"ReadAction","target":["https:\/\/uman.eu\/nl\/sudinfo-zo-zullen-de-kavels-aan-de-bastogneweg-in-marche-en-famenne-eruitzien\/"]}]},{"@type":"ImageObject","inLanguage":"nl-NL","@id":"https:\/\/uman.eu\/nl\/sudinfo-zo-zullen-de-kavels-aan-de-bastogneweg-in-marche-en-famenne-eruitzien\/#primaryimage","url":"https:\/\/uman.eu\/wp-content\/uploads\/2025\/02\/Route-de-Bastogne.jpg","contentUrl":"https:\/\/uman.eu\/wp-content\/uploads\/2025\/02\/Route-de-Bastogne.jpg","width":1920,"height":1280},{"@type":"BreadcrumbList","@id":"https:\/\/uman.eu\/nl\/sudinfo-zo-zullen-de-kavels-aan-de-bastogneweg-in-marche-en-famenne-eruitzien\/#breadcrumb","itemListElement":[{"@type":"ListItem","position":1,"name":"Accueil","item":"https:\/\/uman.eu\/nl\/home\/"},{"@type":"ListItem","position":2,"name":"Sudinfo \u2013 Zo zullen de kavels aan de Bastogneweg in Marche-en-Famenne eruitzien"}]},{"@type":"WebSite","@id":"https:\/\/uman.djm.eu\/#website","url":"https:\/\/uman.djm.eu\/","name":"UMAN Architect s.a.","description":"Au-del\u00e0 de l&#039;architecture","publisher":{"@id":"https:\/\/uman.djm.eu\/#organization"},"potentialAction":[{"@type":"SearchAction","target":{"@type":"EntryPoint","urlTemplate":"https:\/\/uman.djm.eu\/?s={search_term_string}"},"query-input":{"@type":"PropertyValueSpecification","valueRequired":true,"valueName":"search_term_string"}}],"inLanguage":"nl-NL"},{"@type":"Organization","@id":"https:\/\/uman.djm.eu\/#organization","name":"UMAN architect","url":"https:\/\/uman.djm.eu\/","logo":{"@type":"ImageObject","inLanguage":"nl-NL","@id":"https:\/\/uman.djm.eu\/#\/schema\/logo\/image\/","url":"https:\/\/uman.eu\/wp-content\/uploads\/2022\/06\/uman-logo-baseline-dark-jungle.png","contentUrl":"https:\/\/uman.eu\/wp-content\/uploads\/2022\/06\/uman-logo-baseline-dark-jungle.png","width":1000,"height":358,"caption":"UMAN architect"},"image":{"@id":"https:\/\/uman.djm.eu\/#\/schema\/logo\/image\/"},"sameAs":["https:\/\/www.facebook.com\/umanarchitectes\/","https:\/\/www.linkedin.com\/company\/u-man-architectes","https:\/\/www.instagram.com\/umanarchitectes\/"]},{"@type":"Person","@id":"https:\/\/uman.djm.eu\/#\/schema\/person\/7cc0979c40b5445afbb529d917d55ce9","name":"uman","image":{"@type":"ImageObject","inLanguage":"nl-NL","@id":"https:\/\/uman.djm.eu\/#\/schema\/person\/image\/","url":"https:\/\/secure.gravatar.com\/avatar\/d0f16d15380c563e79715ce68deff3e01abcc3a4d5b7f6b72d43899d6ba5727e?s=96&d=mm&r=g","contentUrl":"https:\/\/secure.gravatar.com\/avatar\/d0f16d15380c563e79715ce68deff3e01abcc3a4d5b7f6b72d43899d6ba5727e?s=96&d=mm&r=g","caption":"uman"},"url":"https:\/\/uman.eu\/nl\/author\/uman\/"}]}},"_links":{"self":[{"href":"https:\/\/uman.eu\/nl\/wp-json\/wp\/v2\/posts\/6513","targetHints":{"allow":["GET"]}}],"collection":[{"href":"https:\/\/uman.eu\/nl\/wp-json\/wp\/v2\/posts"}],"about":[{"href":"https:\/\/uman.eu\/nl\/wp-json\/wp\/v2\/types\/post"}],"author":[{"embeddable":true,"href":"https:\/\/uman.eu\/nl\/wp-json\/wp\/v2\/users\/3"}],"replies":[{"embeddable":true,"href":"https:\/\/uman.eu\/nl\/wp-json\/wp\/v2\/comments?post=6513"}],"version-history":[{"count":1,"href":"https:\/\/uman.eu\/nl\/wp-json\/wp\/v2\/posts\/6513\/revisions"}],"predecessor-version":[{"id":6515,"href":"https:\/\/uman.eu\/nl\/wp-json\/wp\/v2\/posts\/6513\/revisions\/6515"}],"wp:featuredmedia":[{"embeddable":true,"href":"https:\/\/uman.eu\/nl\/wp-json\/wp\/v2\/media\/6514"}],"wp:attachment":[{"href":"https:\/\/uman.eu\/nl\/wp-json\/wp\/v2\/media?parent=6513"}],"wp:term":[{"taxonomy":"category","embeddable":true,"href":"https:\/\/uman.eu\/nl\/wp-json\/wp\/v2\/categories?post=6513"},{"taxonomy":"post_tag","embeddable":true,"href":"https:\/\/uman.eu\/nl\/wp-json\/wp\/v2\/tags?post=6513"}],"curies":[{"name":"wp","href":"https:\/\/api.w.org\/{rel}","templated":true}]}}